{"id":2392,"date":"2018-04-07T00:07:05","date_gmt":"2018-04-06T22:07:05","guid":{"rendered":"http:\/\/www.crescereconlamusica.org\/it\/?p=2392"},"modified":"2023-10-05T22:17:48","modified_gmt":"2023-10-05T20:17:48","slug":"abilitazione-nazionale-al-metodo-rusticucci","status":"publish","type":"post","link":"https:\/\/www.crescereconlamusica.org\/it\/2018\/abilitazione-nazionale-al-metodo-rusticucci\/","title":{"rendered":"Abilitazione Nazionale al Metodo Rusticucci &#8211; Gagliole (27-31 agosto 2018)"},"content":{"rendered":"<p>Pubblichiamo con grande piacere il materiale informativo per conseguire l&#8217;<strong>Abilitazione Nazionale al Metodo Rusticucci<\/strong>,&nbsp;valida per l&#8217;<strong>Anno Scolastico 2018\/2019<\/strong>.<\/p>\n<p>L&#8217;Abilitazione Nazionale si&nbsp;svolger\u00e0 a <strong>Gagliole (MC) <\/strong>nella struttura <strong>CEA Valle dei Grilli e dell&#8217;Elce &#8211; Via Casetre, 19 <\/strong>nelle Marche,&nbsp;<b>dal <strong>27 agosto al 31 agosto <\/strong>al 2018<\/b>.<\/p>\n<p>&nbsp;<\/p>\n<blockquote>\n<p style=\"text-align: center;\"><img loading=\"lazy\" decoding=\"async\" class=\"alignleft wp-image-2131\" src=\"http:\/\/www.crescereconlamusica.org\/it\/wp-content\/uploads\/2017\/05\/logo_miur_2.png\" alt=\"\" width=\"300\" height=\"88\" srcset=\"https:\/\/www.crescereconlamusica.org\/it\/wp-content\/uploads\/2017\/05\/logo_miur_2.png 1400w, https:\/\/www.crescereconlamusica.org\/it\/wp-content\/uploads\/2017\/05\/logo_miur_2-300x88.png 300w, https:\/\/www.crescereconlamusica.org\/it\/wp-content\/uploads\/2017\/05\/logo_miur_2-768x224.png 768w, https:\/\/www.crescereconlamusica.org\/it\/wp-content\/uploads\/2017\/05\/logo_miur_2-1024x299.png 1024w\" sizes=\"auto, (max-width: 300px) 100vw, 300px\" \/>Il <strong>Metodo Rusticucci \u00e8 riconosciuto ufficialmente dal MIUR<\/strong> con Decreto della Direzione Generale dell&#8217;Ufficio Scolastico per le Marche, per conto del Ministero della Pubblica &nbsp;Istruzione, <strong>in data 07 Agosto 2007, Prot. n. 13635\/c12a&nbsp;<\/strong>e<strong> 28 Settembre 2017 DDG 1153<\/strong>.&nbsp;L&#8217;Associazione Culturale &#8220;Toscanini \u201879 Metodo Rusticucci&#8221; \u00e8 <strong>licenziataria esclusiva<\/strong> per la Formazione e l&#8217;Abilitazione al Metodo Rusticucci.<\/p>\n<\/blockquote>\n<p>&nbsp;<\/p>\n<p>&nbsp;<\/p>\n<p>Il Corso di Abilitazione \u00e8 rivolto a:<\/p>\n<ul>\n<li>Insegnanti della scuola dell&#8217;infanzia<\/li>\n<li>Insegnanti della scuola primaria<\/li>\n<li>Educatori\/trici dei nidi<\/li>\n<li>Educatori\/trici dei centri dell&#8217;infanzia<\/li>\n<li>Pedagogisti\/e<\/li>\n<li>Psicologi\/ghe<\/li>\n<li>Operatori\/trici socio-sanitari\/e.<\/li>\n<\/ul>\n<p>&nbsp;<\/p>\n<p>L&#8217;Abilitazione sar\u00e0 necessaria per collaborare con la nostra Associazione, sia per i corsi in orario scolastico che per quelli pomeridiani e\/o serali e dar\u00e0 la possibilit\u00e0 di aprire e gestire sul territorio sedi operative, nonch\u00e9&nbsp;permettere la qualificazione dell\u2019Istituto dove si opera.<\/p>\n<p><strong>I posti sono limitati<\/strong> perci\u00f2, nel caso di interesse, si prega di comunicare in tempi rapidi gli estremi per la partecipazione, compilando il modulo di adesione scaricabile in basso.<\/p>\n<p>Il versamento della quota si potr\u00e0 effettuare anche in due soluzioni di \u20ac 200,00 ciascuna:<\/p>\n<ol>\n<li>entro il <strong>15 giugno&nbsp;2018<\/strong>&nbsp;\u20ac 200,00<\/li>\n<li>entro il <strong>31 luglio 2018<\/strong> \u20ac 200,00 (a saldo)<\/li>\n<\/ol>\n<p style=\"text-align: right;\">&nbsp;<\/p>\n<p style=\"text-align: right;\">Scadenza ufficiale iscrizioni: <strong>venerd\u00ec 15 giugno 2018<\/strong><\/p>\n<p style=\"text-align: right;\">Per ulteriori informazioni: <em>Dott.ssa<\/em> <strong>Elisabetta Appignanesi <a href=\"tel:3334566546\" target=\"_blank\" rel=\"noopener noreferrer\">333-4566546<\/a><\/strong><\/p>\n<p style=\"text-align: right;\">&nbsp;<\/p>\n<p style=\"text-align: right;\"><a href=\"http:\/\/www.crescereconlamusica.org\/it\/wp-content\/uploads\/2018\/04\/Abilitazione-2018-2019.jpg\"><img loading=\"lazy\" decoding=\"async\" class=\"aligncenter wp-image-2393\" src=\"http:\/\/www.crescereconlamusica.org\/it\/wp-content\/uploads\/2018\/04\/Abilitazione-2018-2019.jpg\" alt=\"\" width=\"500\" height=\"707\"><\/a><\/p>\n<h3 style=\"text-align: center;\"><a class=\"btn btn-info\" style=\"font-size: 20px; padding: 26px;\" title=\"Corso di Abilitazione Nazionale al Metodo Rusticucci - Gagliole - 27 agosto-31 agosto 2018\" href=\"http:\/\/www.crescereconlamusica.org\/it\/wp-content\/uploads\/2018\/04\/Corso-Abilitazione-Nazionale-Metodo-Rusticucci-2018-2019_v1.pdf\" target=\"_blank\" rel=\"noopener noreferrer\">Scarica il Programma completo, le Note informative e il Modulo di iscrizione<\/a><\/h3>\n<p>&nbsp;<\/p>\n","protected":false},"excerpt":{"rendered":"<p>Pubblichiamo con grande piacere il materiale informativo per conseguire l&#8217;Abilitazione Nazionale al Metodo Rusticucci,&nbsp;valida per l&#8217;Anno Scolastico 2018\/2019. L&#8217;Abilitazione Nazionale si&nbsp;svolger\u00e0 a Gagliole (MC) nella struttura CEA Valle dei Grilli e dell&#8217;Elce &#8211; Via Casetre, 19 nelle Marche,&nbsp;dal 27 agosto al 31 agosto al 2018. &nbsp; Il Metodo Rusticucci \u00e8 riconosciuto ufficialmente dal MIUR con [&hellip;]<\/p>\n","protected":false},"author":3,"featured_media":2396,"comment_status":"closed","ping_status":"closed","sticky":false,"template":"","format":"standard","meta":{"ngg_post_thumbnail":0,"footnotes":""},"categories":[97,18,8],"tags":[60],"class_list":["post-2392","post","type-post","status-publish","format-standard","has-post-thumbnail","hentry","category-abilitazione-metodo-rusticucci","category-incontri-metodo-rusticucci","category-news","tag-abilitazione-nazionale-metodo-rusticucci"],"aioseo_notices":[],"aioseo_head":"\n\t\t<!-- All in One SEO 5.0.1.1 - aioseo.com -->\n\t<meta name=\"description\" content=\"Pubblichiamo con grande piacere il materiale informativo per conseguire l&#039;Abilitazione Nazionale al Metodo Rusticucci, valida per l&#039;Anno Scolastico 2018\/2019. L&#039;Abilitazione Nazionale si svolger\u00e0 a Gagliole (MC) nella struttura CEA Valle dei Grilli e dell&#039;Elce - Via Casetre, 19 nelle Marche, dal 27 agosto al 31 agosto al 2018. Il Metodo Rusticucci \u00e8 riconosciuto ufficialmente dal MIUR con\" \/>\n\t<meta name=\"robots\" content=\"max-image-preview:large\" \/>\n\t<meta name=\"author\" content=\"Alessandro Andreani\"\/>\n\t<meta name=\"keywords\" content=\"abilitazione nazionale metodo rusticucci\" \/>\n\t<link rel=\"canonical\" href=\"https:\/\/www.crescereconlamusica.org\/it\/2018\/abilitazione-nazionale-al-metodo-rusticucci\/\" \/>\n\t<meta name=\"generator\" content=\"All in One SEO (AIOSEO) 5.0.1.1\" \/>\n\t\t<meta property=\"og:locale\" content=\"it_IT\" \/>\n\t\t<meta property=\"og:site_name\" content=\"Crescere con la Musica | Il Metodo Rusticucci \u00ae\" \/>\n\t\t<meta property=\"og:type\" content=\"article\" \/>\n\t\t<meta property=\"og:title\" content=\"Abilitazione Nazionale al Metodo Rusticucci \u2013 Gagliole (27-31 agosto 2018) | Crescere con la Musica\" \/>\n\t\t<meta property=\"og:description\" content=\"Pubblichiamo con grande piacere il materiale informativo per conseguire l&#039;Abilitazione Nazionale al Metodo Rusticucci, valida per l&#039;Anno Scolastico 2018\/2019. L&#039;Abilitazione Nazionale si svolger\u00e0 a Gagliole (MC) nella struttura CEA Valle dei Grilli e dell&#039;Elce - Via Casetre, 19 nelle Marche, dal 27 agosto al 31 agosto al 2018. Il Metodo Rusticucci \u00e8 riconosciuto ufficialmente dal MIUR con\" \/>\n\t\t<meta property=\"og:url\" content=\"https:\/\/www.crescereconlamusica.org\/it\/2018\/abilitazione-nazionale-al-metodo-rusticucci\/\" \/>\n\t\t<meta property=\"og:image\" content=\"https:\/\/www.crescereconlamusica.org\/it\/wp-content\/uploads\/2018\/04\/Abilitazione-2018-2019.jpg\" \/>\n\t\t<meta property=\"og:image:secure_url\" content=\"https:\/\/www.crescereconlamusica.org\/it\/wp-content\/uploads\/2018\/04\/Abilitazione-2018-2019.jpg\" \/>\n\t\t<meta property=\"og:image:width\" content=\"1357\" \/>\n\t\t<meta property=\"og:image:height\" content=\"1920\" \/>\n\t\t<meta property=\"article:published_time\" content=\"2018-04-06T22:07:05+00:00\" \/>\n\t\t<meta property=\"article:modified_time\" content=\"2023-10-05T20:17:48+00:00\" \/>\n\t\t<script type=\"application\/ld+json\" class=\"aioseo-schema\">\n\t\t\t{\"@context\":\"https:\\\/\\\/schema.org\",\"@graph\":[{\"@type\":\"Article\",\"@id\":\"https:\\\/\\\/www.crescereconlamusica.org\\\/it\\\/2018\\\/abilitazione-nazionale-al-metodo-rusticucci\\\/#article\",\"name\":\"Abilitazione Nazionale al Metodo Rusticucci \\u2013 Gagliole (27-31 agosto 2018) | Crescere con la Musica\",\"headline\":\"Abilitazione Nazionale al Metodo Rusticucci &#8211; Gagliole (27-31 agosto 2018)\",\"author\":{\"@id\":\"https:\\\/\\\/www.crescereconlamusica.org\\\/it\\\/author\\\/alessandro\\\/#author\"},\"publisher\":{\"@id\":\"https:\\\/\\\/www.crescereconlamusica.org\\\/it\\\/#organization\"},\"image\":{\"@type\":\"ImageObject\",\"url\":\"https:\\\/\\\/www.crescereconlamusica.org\\\/it\\\/wp-content\\\/uploads\\\/2018\\\/04\\\/Abilitazione-2018-2019.jpg\",\"width\":1357,\"height\":1920},\"datePublished\":\"2018-04-07T00:07:05+02:00\",\"dateModified\":\"2023-10-05T22:17:48+02:00\",\"inLanguage\":\"it-IT\",\"mainEntityOfPage\":{\"@id\":\"https:\\\/\\\/www.crescereconlamusica.org\\\/it\\\/2018\\\/abilitazione-nazionale-al-metodo-rusticucci\\\/#webpage\"},\"isPartOf\":{\"@id\":\"https:\\\/\\\/www.crescereconlamusica.org\\\/it\\\/2018\\\/abilitazione-nazionale-al-metodo-rusticucci\\\/#webpage\"},\"articleSection\":\"Abilitazione Metodo Rusticucci, Metodo Rusticucci, News, Abilitazione Nazionale Metodo Rusticucci\"},{\"@type\":\"BreadcrumbList\",\"@id\":\"https:\\\/\\\/www.crescereconlamusica.org\\\/it\\\/2018\\\/abilitazione-nazionale-al-metodo-rusticucci\\\/#breadcrumblist\",\"itemListElement\":[{\"@type\":\"ListItem\",\"@id\":\"https:\\\/\\\/www.crescereconlamusica.org\\\/it#listItem\",\"position\":1,\"name\":\"Home\",\"item\":\"https:\\\/\\\/www.crescereconlamusica.org\\\/it\",\"nextItem\":{\"@type\":\"ListItem\",\"@id\":\"https:\\\/\\\/www.crescereconlamusica.org\\\/it\\\/argomenti\\\/incontri-metodo-rusticucci\\\/#listItem\",\"name\":\"Metodo Rusticucci\"}},{\"@type\":\"ListItem\",\"@id\":\"https:\\\/\\\/www.crescereconlamusica.org\\\/it\\\/argomenti\\\/incontri-metodo-rusticucci\\\/#listItem\",\"position\":2,\"name\":\"Metodo Rusticucci\",\"item\":\"https:\\\/\\\/www.crescereconlamusica.org\\\/it\\\/argomenti\\\/incontri-metodo-rusticucci\\\/\",\"nextItem\":{\"@type\":\"ListItem\",\"@id\":\"https:\\\/\\\/www.crescereconlamusica.org\\\/it\\\/argomenti\\\/incontri-metodo-rusticucci\\\/abilitazione-metodo-rusticucci\\\/#listItem\",\"name\":\"Abilitazione Metodo Rusticucci\"},\"previousItem\":{\"@type\":\"ListItem\",\"@id\":\"https:\\\/\\\/www.crescereconlamusica.org\\\/it#listItem\",\"name\":\"Home\"}},{\"@type\":\"ListItem\",\"@id\":\"https:\\\/\\\/www.crescereconlamusica.org\\\/it\\\/argomenti\\\/incontri-metodo-rusticucci\\\/abilitazione-metodo-rusticucci\\\/#listItem\",\"position\":3,\"name\":\"Abilitazione Metodo Rusticucci\",\"item\":\"https:\\\/\\\/www.crescereconlamusica.org\\\/it\\\/argomenti\\\/incontri-metodo-rusticucci\\\/abilitazione-metodo-rusticucci\\\/\",\"nextItem\":{\"@type\":\"ListItem\",\"@id\":\"https:\\\/\\\/www.crescereconlamusica.org\\\/it\\\/2018\\\/abilitazione-nazionale-al-metodo-rusticucci\\\/#listItem\",\"name\":\"Abilitazione Nazionale al Metodo Rusticucci &#8211; Gagliole (27-31 agosto 2018)\"},\"previousItem\":{\"@type\":\"ListItem\",\"@id\":\"https:\\\/\\\/www.crescereconlamusica.org\\\/it\\\/argomenti\\\/incontri-metodo-rusticucci\\\/#listItem\",\"name\":\"Metodo Rusticucci\"}},{\"@type\":\"ListItem\",\"@id\":\"https:\\\/\\\/www.crescereconlamusica.org\\\/it\\\/2018\\\/abilitazione-nazionale-al-metodo-rusticucci\\\/#listItem\",\"position\":4,\"name\":\"Abilitazione Nazionale al Metodo Rusticucci &#8211; Gagliole (27-31 agosto 2018)\",\"previousItem\":{\"@type\":\"ListItem\",\"@id\":\"https:\\\/\\\/www.crescereconlamusica.org\\\/it\\\/argomenti\\\/incontri-metodo-rusticucci\\\/abilitazione-metodo-rusticucci\\\/#listItem\",\"name\":\"Abilitazione Metodo Rusticucci\"}}]},{\"@type\":\"Organization\",\"@id\":\"https:\\\/\\\/www.crescereconlamusica.org\\\/it\\\/#organization\",\"name\":\"Associazione Culturale \\\"Toscanini '79 - Metodo Rusticucci\\\"\",\"description\":\"Il Metodo Rusticucci \\u00ae\",\"url\":\"https:\\\/\\\/www.crescereconlamusica.org\\\/it\\\/\",\"telephone\":\"+39800984406\",\"logo\":{\"@type\":\"ImageObject\",\"url\":\"https:\\\/\\\/www.crescereconlamusica.org\\\/it\\\/wp-content\\\/uploads\\\/2021\\\/10\\\/Logo-Toscanini.png\",\"@id\":\"https:\\\/\\\/www.crescereconlamusica.org\\\/it\\\/2018\\\/abilitazione-nazionale-al-metodo-rusticucci\\\/#organizationLogo\",\"width\":2144,\"height\":859},\"image\":{\"@id\":\"https:\\\/\\\/www.crescereconlamusica.org\\\/it\\\/2018\\\/abilitazione-nazionale-al-metodo-rusticucci\\\/#organizationLogo\"}},{\"@type\":\"Person\",\"@id\":\"https:\\\/\\\/www.crescereconlamusica.org\\\/it\\\/author\\\/alessandro\\\/#author\",\"url\":\"https:\\\/\\\/www.crescereconlamusica.org\\\/it\\\/author\\\/alessandro\\\/\",\"name\":\"Alessandro Andreani\",\"image\":{\"@type\":\"ImageObject\",\"@id\":\"https:\\\/\\\/www.crescereconlamusica.org\\\/it\\\/2018\\\/abilitazione-nazionale-al-metodo-rusticucci\\\/#authorImage\",\"url\":\"https:\\\/\\\/secure.gravatar.com\\\/avatar\\\/5a00a1ff3671377044d5c373d12bdfbdf972df3290ea54d898dda8a1690e2a8f?s=96&d=mm&r=g\",\"width\":96,\"height\":96,\"caption\":\"Alessandro Andreani\"}},{\"@type\":\"WebPage\",\"@id\":\"https:\\\/\\\/www.crescereconlamusica.org\\\/it\\\/2018\\\/abilitazione-nazionale-al-metodo-rusticucci\\\/#webpage\",\"url\":\"https:\\\/\\\/www.crescereconlamusica.org\\\/it\\\/2018\\\/abilitazione-nazionale-al-metodo-rusticucci\\\/\",\"name\":\"Abilitazione Nazionale al Metodo Rusticucci \\u2013 Gagliole (27-31 agosto 2018) | Crescere con la Musica\",\"description\":\"Pubblichiamo con grande piacere il materiale informativo per conseguire l'Abilitazione Nazionale al Metodo Rusticucci, valida per l'Anno Scolastico 2018\\\/2019. L'Abilitazione Nazionale si svolger\\u00e0 a Gagliole (MC) nella struttura CEA Valle dei Grilli e dell'Elce - Via Casetre, 19 nelle Marche, dal 27 agosto al 31 agosto al 2018. Il Metodo Rusticucci \\u00e8 riconosciuto ufficialmente dal MIUR con\",\"inLanguage\":\"it-IT\",\"isPartOf\":{\"@id\":\"https:\\\/\\\/www.crescereconlamusica.org\\\/it\\\/#website\"},\"breadcrumb\":{\"@id\":\"https:\\\/\\\/www.crescereconlamusica.org\\\/it\\\/2018\\\/abilitazione-nazionale-al-metodo-rusticucci\\\/#breadcrumblist\"},\"author\":{\"@id\":\"https:\\\/\\\/www.crescereconlamusica.org\\\/it\\\/author\\\/alessandro\\\/#author\"},\"creator\":{\"@id\":\"https:\\\/\\\/www.crescereconlamusica.org\\\/it\\\/author\\\/alessandro\\\/#author\"},\"image\":{\"@type\":\"ImageObject\",\"url\":\"https:\\\/\\\/www.crescereconlamusica.org\\\/it\\\/wp-content\\\/uploads\\\/2018\\\/04\\\/Abilitazione-2018-2019.jpg\",\"@id\":\"https:\\\/\\\/www.crescereconlamusica.org\\\/it\\\/2018\\\/abilitazione-nazionale-al-metodo-rusticucci\\\/#mainImage\",\"width\":1357,\"height\":1920},\"primaryImageOfPage\":{\"@id\":\"https:\\\/\\\/www.crescereconlamusica.org\\\/it\\\/2018\\\/abilitazione-nazionale-al-metodo-rusticucci\\\/#mainImage\"},\"datePublished\":\"2018-04-07T00:07:05+02:00\",\"dateModified\":\"2023-10-05T22:17:48+02:00\"},{\"@type\":\"WebSite\",\"@id\":\"https:\\\/\\\/www.crescereconlamusica.org\\\/it\\\/#website\",\"url\":\"https:\\\/\\\/www.crescereconlamusica.org\\\/it\\\/\",\"name\":\"Crescere con la Musica\",\"description\":\"Il Metodo Rusticucci \\u00ae\",\"inLanguage\":\"it-IT\",\"publisher\":{\"@id\":\"https:\\\/\\\/www.crescereconlamusica.org\\\/it\\\/#organization\"}}]}\n\t\t<\/script>\n\t\t<!-- All in One SEO -->\n\n","aioseo_head_json":{"title":"Abilitazione Nazionale al Metodo Rusticucci \u2013 Gagliole (27-31 agosto 2018) | Crescere con la Musica","description":"Pubblichiamo con grande piacere il materiale informativo per conseguire l'Abilitazione Nazionale al Metodo Rusticucci, valida per l'Anno Scolastico 2018\/2019. L'Abilitazione Nazionale si svolger\u00e0 a Gagliole (MC) nella struttura CEA Valle dei Grilli e dell'Elce - Via Casetre, 19 nelle Marche, dal 27 agosto al 31 agosto al 2018. Il Metodo Rusticucci \u00e8 riconosciuto ufficialmente dal MIUR con","canonical_url":"https:\/\/www.crescereconlamusica.org\/it\/2018\/abilitazione-nazionale-al-metodo-rusticucci\/","robots":"max-image-preview:large","keywords":"abilitazione nazionale metodo rusticucci","webmasterTools":{"miscellaneous":""},"schema":{"@context":"https:\/\/schema.org","@graph":[{"@type":"Article","@id":"https:\/\/www.crescereconlamusica.org\/it\/2018\/abilitazione-nazionale-al-metodo-rusticucci\/#article","name":"Abilitazione Nazionale al Metodo Rusticucci \u2013 Gagliole (27-31 agosto 2018) | Crescere con la Musica","headline":"Abilitazione Nazionale al Metodo Rusticucci &#8211; Gagliole (27-31 agosto 2018)","author":{"@id":"https:\/\/www.crescereconlamusica.org\/it\/author\/alessandro\/#author"},"publisher":{"@id":"https:\/\/www.crescereconlamusica.org\/it\/#organization"},"image":{"@type":"ImageObject","url":"https:\/\/www.crescereconlamusica.org\/it\/wp-content\/uploads\/2018\/04\/Abilitazione-2018-2019.jpg","width":1357,"height":1920},"datePublished":"2018-04-07T00:07:05+02:00","dateModified":"2023-10-05T22:17:48+02:00","inLanguage":"it-IT","mainEntityOfPage":{"@id":"https:\/\/www.crescereconlamusica.org\/it\/2018\/abilitazione-nazionale-al-metodo-rusticucci\/#webpage"},"isPartOf":{"@id":"https:\/\/www.crescereconlamusica.org\/it\/2018\/abilitazione-nazionale-al-metodo-rusticucci\/#webpage"},"articleSection":"Abilitazione Metodo Rusticucci, Metodo Rusticucci, News, Abilitazione Nazionale Metodo Rusticucci"},{"@type":"BreadcrumbList","@id":"https:\/\/www.crescereconlamusica.org\/it\/2018\/abilitazione-nazionale-al-metodo-rusticucci\/#breadcrumblist","itemListElement":[{"@type":"ListItem","@id":"https:\/\/www.crescereconlamusica.org\/it#listItem","position":1,"name":"Home","item":"https:\/\/www.crescereconlamusica.org\/it","nextItem":{"@type":"ListItem","@id":"https:\/\/www.crescereconlamusica.org\/it\/argomenti\/incontri-metodo-rusticucci\/#listItem","name":"Metodo Rusticucci"}},{"@type":"ListItem","@id":"https:\/\/www.crescereconlamusica.org\/it\/argomenti\/incontri-metodo-rusticucci\/#listItem","position":2,"name":"Metodo Rusticucci","item":"https:\/\/www.crescereconlamusica.org\/it\/argomenti\/incontri-metodo-rusticucci\/","nextItem":{"@type":"ListItem","@id":"https:\/\/www.crescereconlamusica.org\/it\/argomenti\/incontri-metodo-rusticucci\/abilitazione-metodo-rusticucci\/#listItem","name":"Abilitazione Metodo Rusticucci"},"previousItem":{"@type":"ListItem","@id":"https:\/\/www.crescereconlamusica.org\/it#listItem","name":"Home"}},{"@type":"ListItem","@id":"https:\/\/www.crescereconlamusica.org\/it\/argomenti\/incontri-metodo-rusticucci\/abilitazione-metodo-rusticucci\/#listItem","position":3,"name":"Abilitazione Metodo Rusticucci","item":"https:\/\/www.crescereconlamusica.org\/it\/argomenti\/incontri-metodo-rusticucci\/abilitazione-metodo-rusticucci\/","nextItem":{"@type":"ListItem","@id":"https:\/\/www.crescereconlamusica.org\/it\/2018\/abilitazione-nazionale-al-metodo-rusticucci\/#listItem","name":"Abilitazione Nazionale al Metodo Rusticucci &#8211; Gagliole (27-31 agosto 2018)"},"previousItem":{"@type":"ListItem","@id":"https:\/\/www.crescereconlamusica.org\/it\/argomenti\/incontri-metodo-rusticucci\/#listItem","name":"Metodo Rusticucci"}},{"@type":"ListItem","@id":"https:\/\/www.crescereconlamusica.org\/it\/2018\/abilitazione-nazionale-al-metodo-rusticucci\/#listItem","position":4,"name":"Abilitazione Nazionale al Metodo Rusticucci &#8211; Gagliole (27-31 agosto 2018)","previousItem":{"@type":"ListItem","@id":"https:\/\/www.crescereconlamusica.org\/it\/argomenti\/incontri-metodo-rusticucci\/abilitazione-metodo-rusticucci\/#listItem","name":"Abilitazione Metodo Rusticucci"}}]},{"@type":"Organization","@id":"https:\/\/www.crescereconlamusica.org\/it\/#organization","name":"Associazione Culturale \"Toscanini '79 - Metodo Rusticucci\"","description":"Il Metodo Rusticucci \u00ae","url":"https:\/\/www.crescereconlamusica.org\/it\/","telephone":"+39800984406","logo":{"@type":"ImageObject","url":"https:\/\/www.crescereconlamusica.org\/it\/wp-content\/uploads\/2021\/10\/Logo-Toscanini.png","@id":"https:\/\/www.crescereconlamusica.org\/it\/2018\/abilitazione-nazionale-al-metodo-rusticucci\/#organizationLogo","width":2144,"height":859},"image":{"@id":"https:\/\/www.crescereconlamusica.org\/it\/2018\/abilitazione-nazionale-al-metodo-rusticucci\/#organizationLogo"}},{"@type":"Person","@id":"https:\/\/www.crescereconlamusica.org\/it\/author\/alessandro\/#author","url":"https:\/\/www.crescereconlamusica.org\/it\/author\/alessandro\/","name":"Alessandro Andreani","image":{"@type":"ImageObject","@id":"https:\/\/www.crescereconlamusica.org\/it\/2018\/abilitazione-nazionale-al-metodo-rusticucci\/#authorImage","url":"https:\/\/secure.gravatar.com\/avatar\/5a00a1ff3671377044d5c373d12bdfbdf972df3290ea54d898dda8a1690e2a8f?s=96&d=mm&r=g","width":96,"height":96,"caption":"Alessandro Andreani"}},{"@type":"WebPage","@id":"https:\/\/www.crescereconlamusica.org\/it\/2018\/abilitazione-nazionale-al-metodo-rusticucci\/#webpage","url":"https:\/\/www.crescereconlamusica.org\/it\/2018\/abilitazione-nazionale-al-metodo-rusticucci\/","name":"Abilitazione Nazionale al Metodo Rusticucci \u2013 Gagliole (27-31 agosto 2018) | Crescere con la Musica","description":"Pubblichiamo con grande piacere il materiale informativo per conseguire l'Abilitazione Nazionale al Metodo Rusticucci, valida per l'Anno Scolastico 2018\/2019. L'Abilitazione Nazionale si svolger\u00e0 a Gagliole (MC) nella struttura CEA Valle dei Grilli e dell'Elce - Via Casetre, 19 nelle Marche, dal 27 agosto al 31 agosto al 2018. Il Metodo Rusticucci \u00e8 riconosciuto ufficialmente dal MIUR con","inLanguage":"it-IT","isPartOf":{"@id":"https:\/\/www.crescereconlamusica.org\/it\/#website"},"breadcrumb":{"@id":"https:\/\/www.crescereconlamusica.org\/it\/2018\/abilitazione-nazionale-al-metodo-rusticucci\/#breadcrumblist"},"author":{"@id":"https:\/\/www.crescereconlamusica.org\/it\/author\/alessandro\/#author"},"creator":{"@id":"https:\/\/www.crescereconlamusica.org\/it\/author\/alessandro\/#author"},"image":{"@type":"ImageObject","url":"https:\/\/www.crescereconlamusica.org\/it\/wp-content\/uploads\/2018\/04\/Abilitazione-2018-2019.jpg","@id":"https:\/\/www.crescereconlamusica.org\/it\/2018\/abilitazione-nazionale-al-metodo-rusticucci\/#mainImage","width":1357,"height":1920},"primaryImageOfPage":{"@id":"https:\/\/www.crescereconlamusica.org\/it\/2018\/abilitazione-nazionale-al-metodo-rusticucci\/#mainImage"},"datePublished":"2018-04-07T00:07:05+02:00","dateModified":"2023-10-05T22:17:48+02:00"},{"@type":"WebSite","@id":"https:\/\/www.crescereconlamusica.org\/it\/#website","url":"https:\/\/www.crescereconlamusica.org\/it\/","name":"Crescere con la Musica","description":"Il Metodo Rusticucci \u00ae","inLanguage":"it-IT","publisher":{"@id":"https:\/\/www.crescereconlamusica.org\/it\/#organization"}}]},"og:locale":"it_IT","og:site_name":"Crescere con la Musica | Il Metodo Rusticucci \u00ae","og:type":"article","og:title":"Abilitazione Nazionale al Metodo Rusticucci \u2013 Gagliole (27-31 agosto 2018) | Crescere con la Musica","og:description":"Pubblichiamo con grande piacere il materiale informativo per conseguire l'Abilitazione Nazionale al Metodo Rusticucci, valida per l'Anno Scolastico 2018\/2019. L'Abilitazione Nazionale si svolger\u00e0 a Gagliole (MC) nella struttura CEA Valle dei Grilli e dell'Elce - Via Casetre, 19 nelle Marche, dal 27 agosto al 31 agosto al 2018. Il Metodo Rusticucci \u00e8 riconosciuto ufficialmente dal MIUR con","og:url":"https:\/\/www.crescereconlamusica.org\/it\/2018\/abilitazione-nazionale-al-metodo-rusticucci\/","og:image":"https:\/\/www.crescereconlamusica.org\/it\/wp-content\/uploads\/2018\/04\/Abilitazione-2018-2019.jpg","og:image:secure_url":"https:\/\/www.crescereconlamusica.org\/it\/wp-content\/uploads\/2018\/04\/Abilitazione-2018-2019.jpg","og:image:width":1357,"og:image:height":1920,"article:published_time":"2018-04-06T22:07:05+00:00","article:modified_time":"2023-10-05T20:17:48+00:00"},"aioseo_meta_data":{"post_id":"2392","title":null,"description":null,"keywords":null,"keyphrases":null,"primary_term":null,"canonical_url":null,"og_title":null,"og_description":null,"og_object_type":"default","og_image_type":"default","og_image_url":null,"og_image_width":null,"og_image_height":null,"og_image_custom_url":null,"og_image_custom_fields":null,"og_video":null,"og_custom_url":null,"og_article_section":null,"og_article_tags":null,"twitter_use_og":false,"twitter_card":"default","twitter_image_type":"default","twitter_image_url":null,"twitter_image_custom_url":null,"twitter_image_custom_fields":null,"twitter_title":null,"twitter_description":null,"schema":{"blockGraphs":[],"customGraphs":[],"default":{"data":{"Article":[],"Course":[],"Dataset":[],"FAQPage":[],"Movie":[],"Person":[],"Product":[],"ProductReview":[],"Car":[],"Recipe":[],"Service":[],"SoftwareApplication":[],"WebPage":[]},"graphName":"Article","isEnabled":true},"graphs":[]},"schema_type":null,"schema_type_options":null,"pillar_content":false,"robots_default":true,"robots_noindex":false,"robots_noarchive":false,"robots_nosnippet":false,"robots_nofollow":false,"robots_noimageindex":false,"robots_noodp":false,"robots_notranslate":false,"robots_max_snippet":null,"robots_max_videopreview":null,"robots_max_imagepreview":"large","priority":null,"frequency":null,"location":null,"local_seo":null,"breadcrumb_settings":null,"limit_modified_date":false,"ai":null,"created":"2020-12-20 20:55:30","updated":"2023-09-09 14:47:17","seo_analyzer_scan_date":null,"focus_keyword":null,"additional_keywords":null,"truseo_locale":null},"aioseo_breadcrumb":"<div class=\"aioseo-breadcrumbs\"><span class=\"aioseo-breadcrumb\">\n\t\t\t<a href=\"https:\/\/www.crescereconlamusica.org\/it\" title=\"Home\">Home<\/a>\n\t\t<\/span><span class=\"aioseo-breadcrumb-separator\">&raquo;<\/span><span class=\"aioseo-breadcrumb\">\n\t\t\t<a href=\"https:\/\/www.crescereconlamusica.org\/it\/argomenti\/incontri-metodo-rusticucci\/\" title=\"Metodo Rusticucci\">Metodo Rusticucci<\/a>\n\t\t<\/span><span class=\"aioseo-breadcrumb-separator\">&raquo;<\/span><span class=\"aioseo-breadcrumb\">\n\t\t\t<a href=\"https:\/\/www.crescereconlamusica.org\/it\/argomenti\/incontri-metodo-rusticucci\/abilitazione-metodo-rusticucci\/\" title=\"Abilitazione Metodo Rusticucci\">Abilitazione Metodo Rusticucci<\/a>\n\t\t<\/span><span class=\"aioseo-breadcrumb-separator\">&raquo;<\/span><span class=\"aioseo-breadcrumb\">\n\t\t\tAbilitazione Nazionale al Metodo Rusticucci \u2013 Gagliole (27-31 agosto 2018)\n\t\t<\/span><\/div>","aioseo_breadcrumb_json":[{"label":"Home","link":"https:\/\/www.crescereconlamusica.org\/it"},{"label":"Metodo Rusticucci","link":"https:\/\/www.crescereconlamusica.org\/it\/argomenti\/incontri-metodo-rusticucci\/"},{"label":"Abilitazione Metodo Rusticucci","link":"https:\/\/www.crescereconlamusica.org\/it\/argomenti\/incontri-metodo-rusticucci\/abilitazione-metodo-rusticucci\/"},{"label":"Abilitazione Nazionale al Metodo Rusticucci &#8211; Gagliole (27-31 agosto 2018)","link":"https:\/\/www.crescereconlamusica.org\/it\/2018\/abilitazione-nazionale-al-metodo-rusticucci\/"}],"_links":{"self":[{"href":"https:\/\/www.crescereconlamusica.org\/it\/wp-json\/wp\/v2\/posts\/2392","targetHints":{"allow":["GET"]}}],"collection":[{"href":"https:\/\/www.crescereconlamusica.org\/it\/wp-json\/wp\/v2\/posts"}],"about":[{"href":"https:\/\/www.crescereconlamusica.org\/it\/wp-json\/wp\/v2\/types\/post"}],"author":[{"embeddable":true,"href":"https:\/\/www.crescereconlamusica.org\/it\/wp-json\/wp\/v2\/users\/3"}],"replies":[{"embeddable":true,"href":"https:\/\/www.crescereconlamusica.org\/it\/wp-json\/wp\/v2\/comments?post=2392"}],"version-history":[{"count":0,"href":"https:\/\/www.crescereconlamusica.org\/it\/wp-json\/wp\/v2\/posts\/2392\/revisions"}],"wp:featuredmedia":[{"embeddable":true,"href":"https:\/\/www.crescereconlamusica.org\/it\/wp-json\/wp\/v2\/media\/2396"}],"wp:attachment":[{"href":"https:\/\/www.crescereconlamusica.org\/it\/wp-json\/wp\/v2\/media?parent=2392"}],"wp:term":[{"taxonomy":"category","embeddable":true,"href":"https:\/\/www.crescereconlamusica.org\/it\/wp-json\/wp\/v2\/categories?post=2392"},{"taxonomy":"post_tag","embeddable":true,"href":"https:\/\/www.crescereconlamusica.org\/it\/wp-json\/wp\/v2\/tags?post=2392"}],"curies":[{"name":"wp","href":"https:\/\/api.w.org\/{rel}","templated":true}]}}